{"id":14090,"date":"2021-10-04T12:02:59","date_gmt":"2021-10-04T12:02:59","guid":{"rendered":"https:\/\/marcegaglia.pl\/?p=14090"},"modified":"2021-10-04T12:17:23","modified_gmt":"2021-10-04T12:17:23","slug":"marcegaglia-na-targach-agrotech-kielce-2","status":"publish","type":"post","link":"https:\/\/marcegaglia.pl\/pl\/2021\/10\/marcegaglia-na-targach-agrotech-kielce-2\/","title":{"rendered":"Marcegalia na targach Agrotech Kielce"},"content":{"rendered":"<div class=\"wpb-content-wrapper\"><p>[vc_row full_width=&#8221;stretch_row_content_no_spaces&#8221; css=&#8221;.vc_custom_1587457619658{margin-bottom: 2em !important;padding-top: 10.65em !important;padding-bottom: 10.65em !important;background-image: url(https:\/\/marcegaglia.pl\/wp-content\/uploads\/2020\/03\/marcegaglia_news-agrotech-postponed-banner.jpg?id=7803) !important;background-position: center !important;background-repeat: no-repeat !important;background-size: cover !important;}&#8221; el_id=&#8221;titolo_singola_news&#8221;][vc_column css=&#8221;.vc_custom_1587110633145{padding-right: 10em !important;padding-left: 10em !important;}&#8221; offset=&#8221;vc_hidden-md vc_hidden-sm vc_hidden-xs&#8221;][\/vc_column][\/vc_row][vc_row full_width=&#8221;stretch_row_content_no_spaces&#8221; css=&#8221;.vc_custom_1587139053868{margin-bottom: 2em !important;padding-top: 5em !important;padding-bottom: 5em !important;background-image: url(https:\/\/marcegaglia.pl\/wp-content\/uploads\/2020\/04\/marcegaglia_news-agrotech-postponed-banner-1400&#215;700-1.jpg?id=7645) !important;background-position: center !important;background-repeat: no-repeat !important;background-size: cover !important;}&#8221; el_id=&#8221;titolo_singola_news_resp&#8221;][vc_column css=&#8221;.vc_custom_1587111424559{padding-right: 10em !important;padding-left: 10em !important;}&#8221; offset=&#8221;vc_hidden-lg&#8221;][\/vc_column][\/vc_row][vc_row css=&#8221;.vc_custom_1587114984669{margin-bottom: 2em !important;}&#8221; el_id=&#8221;back_to_news_btn&#8221;][vc_column]<div class=\"\"><div class=\"cz_30284_p\"><a id=\"cz_30284\" class=\"cz_30284 cz_btn cz_btn_txt_no_fx cz_btn_no_fx cz_mobile_btn_center\" href=\"https:\/\/marcegaglia.pl\/news\/\" title=\"News\" aria-label=\"News\"><span><i class=\"fa czico-135-arrows-5\"><\/i><strong>Back to News<\/strong><\/span><b class=\"cz_btn_onhover\"><i class=\"fa czico-135-arrows-5\"><\/i><strong>Back to News<\/strong><\/b><\/a><\/div><\/div>[\/vc_column][\/vc_row][vc_row css=&#8221;.vc_custom_1587114891408{margin-bottom: 3em !important;}&#8221; el_id=&#8221;news_p_desk&#8221;][vc_column width=&#8221;3\/4&#8243; offset=&#8221;vc_col-xs-12&#8243;][vc_column_text]<\/p>\n<p style=\"text-align: left;\"><span style=\"color: #000000;\"><strong>4 pa\u017adziernika 2021<\/strong><\/span><\/p>\n<h1 style=\"text-align: left;\"><span style=\"color: #000000;\">Marcegalia na targach Agrotech Kielce<\/span><\/h1>\n<p>[\/vc_column_text][vc_empty_space height=&#8221;20px&#8221;][vc_column_text]Marcegaglia bierze udzia\u0142 w targach <strong>Agrotech<\/strong> prezentuj\u0105c sw\u00f3j zakres produkcyjny w zakresie <strong>produkt\u00f3w ze stali w\u0119glowej (rury, profile, arkusze oraz ta\u015bmy)<\/strong> i <strong>p\u0142yt warstwowych<\/strong> stosowanych m.in. <strong>w bramach segmentowych<\/strong>.<\/p>\n<p><strong>W tym roku odbywa si\u0119 26 edycja Mi\u0119dzynarodowych Targ\u00f3w Techniki Rolniczej AGROTECH<\/strong> w dniach <strong>od 8 pa\u017adziernika do 10 pa\u017adziernika<\/strong> w Centrum Targowo-Kongresowym w Kielcach w Polsce. Jest to <strong>najwi\u0119ksze takie wydarzenie w zakresie techniki rolniczej w Polsce<\/strong> i jedno z wi\u0119kszych wydarze\u0144 w tym sektorze w Europie.<\/p>\n<p>W 2019 roku dost\u0119pna by\u0142a rekordowa powierzchnia wystawiennicza \u2013 \u0142\u0105cznie ponad 66 000 metr\u00f3w kwadratowych \u2013 na kt\u00f3rej go\u015bci\u0142o oko\u0142o 75 000 odwiedzaj\u0105cych.<\/p>\n<p>Dzi\u0119ki 750 wystawiaj\u0105cym si\u0119 firmom z 21 pa\u0144stw z ca\u0142ego \u015bwiata, targi s\u0105 rozpoznawalnym, mi\u0119dzynarodowym wydarzeniem oraz idealnym miejscem do prezentacji nowo\u015bci w technice rolniczej. Dzi\u0119ki temu s\u0105 miejscem spotka\u0144 globalnych lider\u00f3w w bran\u017cy.<\/p>\n<p><strong>Odwied\u017a nas na stanowisku 16 w hali C<\/strong>: do zobaczenia!<\/p>\n<p>Dowiedz si\u0119 wi\u0119cej <a href=\"https:\/\/www.targikielce.pl\/agrotech\" target=\"_blank\" rel=\"noopener\">tutaj<\/a>.[\/vc_column_text][\/vc_column][vc_column width=&#8221;1\/4&#8243; el_id=&#8221;contacts_news&#8221; offset=&#8221;vc_hidden-sm vc_hidden-xs&#8221;][vc_column_text]<\/p>\n<h2>Contacts<\/h2>\n<p>[\/vc_column_text][vc_empty_space height=&#8221;20px&#8221;][vc_column_text]<strong>MARCEGAGLIA KLUCZBORK<\/strong><br \/>\nLigota Dolna &#8211; ul. Przemys\u0142owa 1<br \/>\n46-200 Kluczbork, Poland<br \/>\nphone +48 77 45 98 200<br \/>\nfax +48 77 45 98 201<br \/>\n<a href=\"mailto:kluczbork@marcegaglia.com\">kluczbork@marcegaglia.com<\/a>[\/vc_column_text][vc_separator align=&#8221;align_left&#8221; el_width=&#8221;60&#8243; css=&#8221;.vc_custom_1585061949965{padding-top: 1em !important;padding-bottom: 1em !important;}&#8221;][vc_column_text]<strong>MARCEGAGLIA PRASZKA<\/strong><br \/>\nul. Kaliska 72 &#8211; 46-320<br \/>\nPraszka &#8211; Poland<br \/>\nphone +48 34 350 15 00<br \/>\nfax +48 34 350 15 01<br \/>\n<a href=\"mailto:praszka@marcegaglia.com\">praszka@marcegaglia.com<\/a>[\/vc_column_text][\/vc_column][\/vc_row][vc_row full_width=&#8221;stretch_row_content_no_spaces&#8221; css=&#8221;.vc_custom_1587050184994{margin-bottom: 2em !important;padding-top: 2em !important;padding-bottom: 3em !important;background-color: #26303a !important;background-position: center !important;background-repeat: no-repeat !important;background-size: cover !important;}&#8221; el_id=&#8221;iscrizione_newsletter_post&#8221;][vc_column css=&#8221;.vc_custom_1585059836874{padding-right: 10em !important;padding-left: 10em !important;}&#8221;][vc_column_text el_id=&#8221;subscribe_newsletter_news&#8221;]<\/p>\n<p style=\"text-align: center;\"><span style=\"color: #ffffff; font-size: 20px;\">Subscribe to our Newsletter<\/span><\/p>\n<p>[\/vc_column_text][vc_empty_space height=&#8221;20px&#8221;]<div class=\"cz_btn_center\"><div class=\"cz_50097_p\"><a id=\"cz_50097\" class=\"cz_50097 cz_btn cz_btn_txt_no_fx cz_btn_no_fx\" href=\"https:\/\/marcegaglia.pl\/registration\/\" title=\"Registration\" aria-label=\"Registration\"><span><strong>Subscribe<\/strong><\/span><b class=\"cz_btn_onhover\"><strong>Subscribe<\/strong><\/b><\/a><\/div><\/div>[\/vc_column][\/vc_row]<\/p>\n<\/div>","protected":false},"excerpt":{"rendered":"<p>26 edycja Mi\u0119dzynarodowych Targ\u00f3w Techniki Rolniczej AGROTECH 2020 w Centrum Targowo-Kongresowym w Kielcach zostaje przeniesiona na czerwiec. &#8230; <a class=\"cz_readmore cz_readmore_no_title\" href=\"https:\/\/marcegaglia.pl\/pl\/2021\/10\/marcegaglia-na-targach-agrotech-kielce-2\/\"><i class=\"fa czico-188-arrows-2\" aria-hidden=\"true\"><\/i><span><\/span><\/a><\/p>\n","protected":false},"author":1,"featured_media":10414,"comment_status":"closed","ping_status":"closed","sticky":false,"template":"","format":"standard","meta":{"footnotes":""},"categories":[27],"tags":[],"class_list":["post-14090","post","type-post","status-publish","format-standard","has-post-thumbnail","hentry","category-company-pl"],"yoast_head":"<!-- This site is optimized with the Yoast SEO plugin v27.5 - https:\/\/yoast.com\/product\/yoast-seo-wordpress\/ -->\n<title>Marcegalia na targach Agrotech Kielce - Marcegaglia Poland<\/title>\n<meta name=\"robots\" content=\"index, follow, max-snippet:-1, max-image-preview:large, max-video-preview:-1\" \/>\n<link rel=\"canonical\" href=\"https:\/\/marcegaglia.pl\/pl\/2021\/10\/marcegaglia-na-targach-agrotech-kielce-2\/\" \/>\n<meta property=\"og:locale\" content=\"pl_PL\" \/>\n<meta property=\"og:type\" content=\"article\" \/>\n<meta property=\"og:title\" content=\"Marcegalia na targach Agrotech Kielce - Marcegaglia Poland\" \/>\n<meta property=\"og:description\" content=\"26 edycja Mi\u0119dzynarodowych Targ\u00f3w Techniki Rolniczej AGROTECH 2020 w Centrum Targowo-Kongresowym w Kielcach zostaje przeniesiona na czerwiec. ...\" \/>\n<meta property=\"og:url\" content=\"https:\/\/marcegaglia.pl\/pl\/2021\/10\/marcegaglia-na-targach-agrotech-kielce-2\/\" \/>\n<meta property=\"og:site_name\" content=\"Marcegaglia Poland\" \/>\n<meta property=\"article:published_time\" content=\"2021-10-04T12:02:59+00:00\" \/>\n<meta property=\"article:modified_time\" content=\"2021-10-04T12:17:23+00:00\" \/>\n<meta property=\"og:image\" content=\"https:\/\/marcegaglia.pl\/wp-content\/uploads\/2020\/03\/marcegaglia_news-agrotech-postponed-post.jpg\" \/>\n\t<meta property=\"og:image:width\" content=\"1\" \/>\n\t<meta property=\"og:image:height\" content=\"1\" \/>\n\t<meta property=\"og:image:type\" content=\"image\/webp\" \/>\n<meta name=\"author\" content=\"studiochiesa2\" \/>\n<meta name=\"twitter:card\" content=\"summary_large_image\" \/>\n<meta name=\"twitter:label1\" content=\"Napisane przez\" \/>\n\t<meta name=\"twitter:data1\" content=\"studiochiesa2\" \/>\n\t<meta name=\"twitter:label2\" content=\"Szacowany czas czytania\" \/>\n\t<meta name=\"twitter:data2\" content=\"2 minuty\" \/>\n<script type=\"application\/ld+json\" class=\"yoast-schema-graph\">{\"@context\":\"https:\\\/\\\/schema.org\",\"@graph\":[{\"@type\":\"Article\",\"@id\":\"https:\\\/\\\/marcegaglia.pl\\\/pl\\\/2021\\\/10\\\/marcegaglia-na-targach-agrotech-kielce-2\\\/#article\",\"isPartOf\":{\"@id\":\"https:\\\/\\\/marcegaglia.pl\\\/pl\\\/2021\\\/10\\\/marcegaglia-na-targach-agrotech-kielce-2\\\/\"},\"author\":{\"name\":\"studiochiesa2\",\"@id\":\"https:\\\/\\\/marcegaglia.pl\\\/pl\\\/#\\\/schema\\\/person\\\/89c95f88946cc31684032a045e23aba6\"},\"headline\":\"Marcegalia na targach Agrotech Kielce\",\"datePublished\":\"2021-10-04T12:02:59+00:00\",\"dateModified\":\"2021-10-04T12:17:23+00:00\",\"mainEntityOfPage\":{\"@id\":\"https:\\\/\\\/marcegaglia.pl\\\/pl\\\/2021\\\/10\\\/marcegaglia-na-targach-agrotech-kielce-2\\\/\"},\"wordCount\":615,\"publisher\":{\"@id\":\"https:\\\/\\\/marcegaglia.pl\\\/pl\\\/#organization\"},\"image\":{\"@id\":\"https:\\\/\\\/marcegaglia.pl\\\/pl\\\/2021\\\/10\\\/marcegaglia-na-targach-agrotech-kielce-2\\\/#primaryimage\"},\"thumbnailUrl\":\"https:\\\/\\\/marcegaglia.pl\\\/wp-content\\\/uploads\\\/2020\\\/03\\\/marcegaglia_news-agrotech-postponed-post.jpg\",\"articleSection\":[\"Company\"],\"inLanguage\":\"pl-PL\"},{\"@type\":\"WebPage\",\"@id\":\"https:\\\/\\\/marcegaglia.pl\\\/pl\\\/2021\\\/10\\\/marcegaglia-na-targach-agrotech-kielce-2\\\/\",\"url\":\"https:\\\/\\\/marcegaglia.pl\\\/pl\\\/2021\\\/10\\\/marcegaglia-na-targach-agrotech-kielce-2\\\/\",\"name\":\"Marcegalia na targach Agrotech Kielce - Marcegaglia Poland\",\"isPartOf\":{\"@id\":\"https:\\\/\\\/marcegaglia.pl\\\/pl\\\/#website\"},\"primaryImageOfPage\":{\"@id\":\"https:\\\/\\\/marcegaglia.pl\\\/pl\\\/2021\\\/10\\\/marcegaglia-na-targach-agrotech-kielce-2\\\/#primaryimage\"},\"image\":{\"@id\":\"https:\\\/\\\/marcegaglia.pl\\\/pl\\\/2021\\\/10\\\/marcegaglia-na-targach-agrotech-kielce-2\\\/#primaryimage\"},\"thumbnailUrl\":\"https:\\\/\\\/marcegaglia.pl\\\/wp-content\\\/uploads\\\/2020\\\/03\\\/marcegaglia_news-agrotech-postponed-post.jpg\",\"datePublished\":\"2021-10-04T12:02:59+00:00\",\"dateModified\":\"2021-10-04T12:17:23+00:00\",\"breadcrumb\":{\"@id\":\"https:\\\/\\\/marcegaglia.pl\\\/pl\\\/2021\\\/10\\\/marcegaglia-na-targach-agrotech-kielce-2\\\/#breadcrumb\"},\"inLanguage\":\"pl-PL\",\"potentialAction\":[{\"@type\":\"ReadAction\",\"target\":[\"https:\\\/\\\/marcegaglia.pl\\\/pl\\\/2021\\\/10\\\/marcegaglia-na-targach-agrotech-kielce-2\\\/\"]}]},{\"@type\":\"ImageObject\",\"inLanguage\":\"pl-PL\",\"@id\":\"https:\\\/\\\/marcegaglia.pl\\\/pl\\\/2021\\\/10\\\/marcegaglia-na-targach-agrotech-kielce-2\\\/#primaryimage\",\"url\":\"https:\\\/\\\/marcegaglia.pl\\\/wp-content\\\/uploads\\\/2020\\\/03\\\/marcegaglia_news-agrotech-postponed-post.jpg\",\"contentUrl\":\"https:\\\/\\\/marcegaglia.pl\\\/wp-content\\\/uploads\\\/2020\\\/03\\\/marcegaglia_news-agrotech-postponed-post.jpg\"},{\"@type\":\"BreadcrumbList\",\"@id\":\"https:\\\/\\\/marcegaglia.pl\\\/pl\\\/2021\\\/10\\\/marcegaglia-na-targach-agrotech-kielce-2\\\/#breadcrumb\",\"itemListElement\":[{\"@type\":\"ListItem\",\"position\":1,\"name\":\"Home\",\"item\":\"https:\\\/\\\/marcegaglia.pl\\\/en\\\/\"},{\"@type\":\"ListItem\",\"position\":2,\"name\":\"Marcegalia na targach Agrotech Kielce\"}]},{\"@type\":\"WebSite\",\"@id\":\"https:\\\/\\\/marcegaglia.pl\\\/pl\\\/#website\",\"url\":\"https:\\\/\\\/marcegaglia.pl\\\/pl\\\/\",\"name\":\"Marcegaglia Poland\",\"description\":\"We give shape to steel\",\"publisher\":{\"@id\":\"https:\\\/\\\/marcegaglia.pl\\\/pl\\\/#organization\"},\"potentialAction\":[{\"@type\":\"SearchAction\",\"target\":{\"@type\":\"EntryPoint\",\"urlTemplate\":\"https:\\\/\\\/marcegaglia.pl\\\/pl\\\/?s={search_term_string}\"},\"query-input\":{\"@type\":\"PropertyValueSpecification\",\"valueRequired\":true,\"valueName\":\"search_term_string\"}}],\"inLanguage\":\"pl-PL\"},{\"@type\":\"Organization\",\"@id\":\"https:\\\/\\\/marcegaglia.pl\\\/pl\\\/#organization\",\"name\":\"Marcegaglia Poland\",\"url\":\"https:\\\/\\\/marcegaglia.pl\\\/pl\\\/\",\"logo\":{\"@type\":\"ImageObject\",\"inLanguage\":\"pl-PL\",\"@id\":\"https:\\\/\\\/marcegaglia.pl\\\/pl\\\/#\\\/schema\\\/logo\\\/image\\\/\",\"url\":\"https:\\\/\\\/marcegaglia.pl\\\/wp-content\\\/uploads\\\/2020\\\/05\\\/favicon_marcegaglia-carbon-steel_512x512.jpg\",\"contentUrl\":\"https:\\\/\\\/marcegaglia.pl\\\/wp-content\\\/uploads\\\/2020\\\/05\\\/favicon_marcegaglia-carbon-steel_512x512.jpg\",\"width\":512,\"height\":512,\"caption\":\"Marcegaglia Poland\"},\"image\":{\"@id\":\"https:\\\/\\\/marcegaglia.pl\\\/pl\\\/#\\\/schema\\\/logo\\\/image\\\/\"}},{\"@type\":\"Person\",\"@id\":\"https:\\\/\\\/marcegaglia.pl\\\/pl\\\/#\\\/schema\\\/person\\\/89c95f88946cc31684032a045e23aba6\",\"name\":\"studiochiesa2\",\"image\":{\"@type\":\"ImageObject\",\"inLanguage\":\"pl-PL\",\"@id\":\"https:\\\/\\\/secure.gravatar.com\\\/avatar\\\/b85a6a1cdf824628b9138b67b1c7baa4d47bd19824d664e270615cd018f135fc?s=96&d=mm&r=g\",\"url\":\"https:\\\/\\\/secure.gravatar.com\\\/avatar\\\/b85a6a1cdf824628b9138b67b1c7baa4d47bd19824d664e270615cd018f135fc?s=96&d=mm&r=g\",\"contentUrl\":\"https:\\\/\\\/secure.gravatar.com\\\/avatar\\\/b85a6a1cdf824628b9138b67b1c7baa4d47bd19824d664e270615cd018f135fc?s=96&d=mm&r=g\",\"caption\":\"studiochiesa2\"}}]}<\/script>\n<!-- \/ Yoast SEO plugin. -->","yoast_head_json":{"title":"Marcegalia na targach Agrotech Kielce - Marcegaglia Poland","robots":{"index":"index","follow":"follow","max-snippet":"max-snippet:-1","max-image-preview":"max-image-preview:large","max-video-preview":"max-video-preview:-1"},"canonical":"https:\/\/marcegaglia.pl\/pl\/2021\/10\/marcegaglia-na-targach-agrotech-kielce-2\/","og_locale":"pl_PL","og_type":"article","og_title":"Marcegalia na targach Agrotech Kielce - Marcegaglia Poland","og_description":"26 edycja Mi\u0119dzynarodowych Targ\u00f3w Techniki Rolniczej AGROTECH 2020 w Centrum Targowo-Kongresowym w Kielcach zostaje przeniesiona na czerwiec. ...","og_url":"https:\/\/marcegaglia.pl\/pl\/2021\/10\/marcegaglia-na-targach-agrotech-kielce-2\/","og_site_name":"Marcegaglia Poland","article_published_time":"2021-10-04T12:02:59+00:00","article_modified_time":"2021-10-04T12:17:23+00:00","og_image":[{"url":"https:\/\/marcegaglia.pl\/wp-content\/uploads\/2020\/03\/marcegaglia_news-agrotech-postponed-post.jpg","width":1,"height":1,"type":"image\/webp"}],"author":"studiochiesa2","twitter_card":"summary_large_image","twitter_misc":{"Napisane przez":"studiochiesa2","Szacowany czas czytania":"2 minuty"},"schema":{"@context":"https:\/\/schema.org","@graph":[{"@type":"Article","@id":"https:\/\/marcegaglia.pl\/pl\/2021\/10\/marcegaglia-na-targach-agrotech-kielce-2\/#article","isPartOf":{"@id":"https:\/\/marcegaglia.pl\/pl\/2021\/10\/marcegaglia-na-targach-agrotech-kielce-2\/"},"author":{"name":"studiochiesa2","@id":"https:\/\/marcegaglia.pl\/pl\/#\/schema\/person\/89c95f88946cc31684032a045e23aba6"},"headline":"Marcegalia na targach Agrotech Kielce","datePublished":"2021-10-04T12:02:59+00:00","dateModified":"2021-10-04T12:17:23+00:00","mainEntityOfPage":{"@id":"https:\/\/marcegaglia.pl\/pl\/2021\/10\/marcegaglia-na-targach-agrotech-kielce-2\/"},"wordCount":615,"publisher":{"@id":"https:\/\/marcegaglia.pl\/pl\/#organization"},"image":{"@id":"https:\/\/marcegaglia.pl\/pl\/2021\/10\/marcegaglia-na-targach-agrotech-kielce-2\/#primaryimage"},"thumbnailUrl":"https:\/\/marcegaglia.pl\/wp-content\/uploads\/2020\/03\/marcegaglia_news-agrotech-postponed-post.jpg","articleSection":["Company"],"inLanguage":"pl-PL"},{"@type":"WebPage","@id":"https:\/\/marcegaglia.pl\/pl\/2021\/10\/marcegaglia-na-targach-agrotech-kielce-2\/","url":"https:\/\/marcegaglia.pl\/pl\/2021\/10\/marcegaglia-na-targach-agrotech-kielce-2\/","name":"Marcegalia na targach Agrotech Kielce - Marcegaglia Poland","isPartOf":{"@id":"https:\/\/marcegaglia.pl\/pl\/#website"},"primaryImageOfPage":{"@id":"https:\/\/marcegaglia.pl\/pl\/2021\/10\/marcegaglia-na-targach-agrotech-kielce-2\/#primaryimage"},"image":{"@id":"https:\/\/marcegaglia.pl\/pl\/2021\/10\/marcegaglia-na-targach-agrotech-kielce-2\/#primaryimage"},"thumbnailUrl":"https:\/\/marcegaglia.pl\/wp-content\/uploads\/2020\/03\/marcegaglia_news-agrotech-postponed-post.jpg","datePublished":"2021-10-04T12:02:59+00:00","dateModified":"2021-10-04T12:17:23+00:00","breadcrumb":{"@id":"https:\/\/marcegaglia.pl\/pl\/2021\/10\/marcegaglia-na-targach-agrotech-kielce-2\/#breadcrumb"},"inLanguage":"pl-PL","potentialAction":[{"@type":"ReadAction","target":["https:\/\/marcegaglia.pl\/pl\/2021\/10\/marcegaglia-na-targach-agrotech-kielce-2\/"]}]},{"@type":"ImageObject","inLanguage":"pl-PL","@id":"https:\/\/marcegaglia.pl\/pl\/2021\/10\/marcegaglia-na-targach-agrotech-kielce-2\/#primaryimage","url":"https:\/\/marcegaglia.pl\/wp-content\/uploads\/2020\/03\/marcegaglia_news-agrotech-postponed-post.jpg","contentUrl":"https:\/\/marcegaglia.pl\/wp-content\/uploads\/2020\/03\/marcegaglia_news-agrotech-postponed-post.jpg"},{"@type":"BreadcrumbList","@id":"https:\/\/marcegaglia.pl\/pl\/2021\/10\/marcegaglia-na-targach-agrotech-kielce-2\/#breadcrumb","itemListElement":[{"@type":"ListItem","position":1,"name":"Home","item":"https:\/\/marcegaglia.pl\/en\/"},{"@type":"ListItem","position":2,"name":"Marcegalia na targach Agrotech Kielce"}]},{"@type":"WebSite","@id":"https:\/\/marcegaglia.pl\/pl\/#website","url":"https:\/\/marcegaglia.pl\/pl\/","name":"Marcegaglia Poland","description":"We give shape to steel","publisher":{"@id":"https:\/\/marcegaglia.pl\/pl\/#organization"},"potentialAction":[{"@type":"SearchAction","target":{"@type":"EntryPoint","urlTemplate":"https:\/\/marcegaglia.pl\/pl\/?s={search_term_string}"},"query-input":{"@type":"PropertyValueSpecification","valueRequired":true,"valueName":"search_term_string"}}],"inLanguage":"pl-PL"},{"@type":"Organization","@id":"https:\/\/marcegaglia.pl\/pl\/#organization","name":"Marcegaglia Poland","url":"https:\/\/marcegaglia.pl\/pl\/","logo":{"@type":"ImageObject","inLanguage":"pl-PL","@id":"https:\/\/marcegaglia.pl\/pl\/#\/schema\/logo\/image\/","url":"https:\/\/marcegaglia.pl\/wp-content\/uploads\/2020\/05\/favicon_marcegaglia-carbon-steel_512x512.jpg","contentUrl":"https:\/\/marcegaglia.pl\/wp-content\/uploads\/2020\/05\/favicon_marcegaglia-carbon-steel_512x512.jpg","width":512,"height":512,"caption":"Marcegaglia Poland"},"image":{"@id":"https:\/\/marcegaglia.pl\/pl\/#\/schema\/logo\/image\/"}},{"@type":"Person","@id":"https:\/\/marcegaglia.pl\/pl\/#\/schema\/person\/89c95f88946cc31684032a045e23aba6","name":"studiochiesa2","image":{"@type":"ImageObject","inLanguage":"pl-PL","@id":"https:\/\/secure.gravatar.com\/avatar\/b85a6a1cdf824628b9138b67b1c7baa4d47bd19824d664e270615cd018f135fc?s=96&d=mm&r=g","url":"https:\/\/secure.gravatar.com\/avatar\/b85a6a1cdf824628b9138b67b1c7baa4d47bd19824d664e270615cd018f135fc?s=96&d=mm&r=g","contentUrl":"https:\/\/secure.gravatar.com\/avatar\/b85a6a1cdf824628b9138b67b1c7baa4d47bd19824d664e270615cd018f135fc?s=96&d=mm&r=g","caption":"studiochiesa2"}}]}},"_links":{"self":[{"href":"https:\/\/marcegaglia.pl\/pl\/wp-json\/wp\/v2\/posts\/14090","targetHints":{"allow":["GET"]}}],"collection":[{"href":"https:\/\/marcegaglia.pl\/pl\/wp-json\/wp\/v2\/posts"}],"about":[{"href":"https:\/\/marcegaglia.pl\/pl\/wp-json\/wp\/v2\/types\/post"}],"author":[{"embeddable":true,"href":"https:\/\/marcegaglia.pl\/pl\/wp-json\/wp\/v2\/users\/1"}],"replies":[{"embeddable":true,"href":"https:\/\/marcegaglia.pl\/pl\/wp-json\/wp\/v2\/comments?post=14090"}],"version-history":[{"count":5,"href":"https:\/\/marcegaglia.pl\/pl\/wp-json\/wp\/v2\/posts\/14090\/revisions"}],"predecessor-version":[{"id":14106,"href":"https:\/\/marcegaglia.pl\/pl\/wp-json\/wp\/v2\/posts\/14090\/revisions\/14106"}],"wp:featuredmedia":[{"embeddable":true,"href":"https:\/\/marcegaglia.pl\/pl\/wp-json\/wp\/v2\/media\/10414"}],"wp:attachment":[{"href":"https:\/\/marcegaglia.pl\/pl\/wp-json\/wp\/v2\/media?parent=14090"}],"wp:term":[{"taxonomy":"category","embeddable":true,"href":"https:\/\/marcegaglia.pl\/pl\/wp-json\/wp\/v2\/categories?post=14090"},{"taxonomy":"post_tag","embeddable":true,"href":"https:\/\/marcegaglia.pl\/pl\/wp-json\/wp\/v2\/tags?post=14090"}],"curies":[{"name":"wp","href":"https:\/\/api.w.org\/{rel}","templated":true}]}}